{"id":24767,"date":"2026-08-28T13:55:48","date_gmt":"2026-08-28T11:55:48","guid":{"rendered":"https:\/\/www.fcadligenswil.ch\/?p=24767"},"modified":"2026-08-28T13:55:48","modified_gmt":"2026-08-28T11:55:48","slug":"vom-aluminium-zum-sieg","status":"publish","type":"post","link":"https:\/\/www.fcadligenswil.ch\/?p=24767","title":{"rendered":"Vom Aluminium zum Sieg"},"content":{"rendered":"<p><strong>Das erste Spiel der neuen Saison stand bevor: Zum Auftakt der Saison 2026\/27 empfing der FC Adligenswil den FC Kickers Luzern II im heimischen L\u00f6\u00f6sch. Nach einer intensiven Vorbereitung war die Vorfreude bei Spielern und Fans entsprechend gross. Bei Sonnenschein und sommerlichen Temperaturen war an diesem Sonntagnachmittag alles angerichtet f\u00fcr einen gelungenen Saisonstart.<\/strong><\/p>\n<p><!--more--><\/p>\n<p>Es entwickelte sich von Beginn an eine umk\u00e4mpfte Partie mit vielen intensiv gef\u00fchrten Zweik\u00e4mpfen. Der FC Adligenswil konnte sich dabei leichte Vorteile erspielen, ohne das Spiel jedoch klar an sich zu reissen.<\/p>\n<p>Der FC Adligenswil pr\u00e4sentierte sich in der Defensive wie gewohnt stabil und liess aus dem Spiel heraus nur wenig zu. Wenn es einem Angreifer doch einmal gelang, zum Abschluss zu kommen, war Sieber zur Stelle und parierte souver\u00e4n. Auch offensiv suchte Adligenswil immer wieder den Weg nach vorne und kam mehrfach gef\u00e4hrlich vor das Tor der Stadtluzerner. Es fehlte jedoch der letzte Pass oder die n\u00f6tige Konsequenz im Abschluss, sodass sich die Mannschaft f\u00fcr ihre Bem\u00fchungen nicht mit dem F\u00fchrungstreffer belohnen konnte.<\/p>\n<p>Auch die G\u00e4ste zeigten eine starke Abwehrleistung und hielten mit hart gef\u00fchrten Zweik\u00e4mpfen dagegen. Besonders bei Eckb\u00e4llen sorgte der FC Kickers immer wieder f\u00fcr Gefahr und stellte die Defensive der Adliger vor Herausforderungen.<\/p>\n<p>So ging eine intensive und weitgehend ausgeglichene erste Halbzeit ohne Tore zu Ende.<\/p>\n<p>Auch nach dem Seitenwechsel blieb die Partie intensiv. Zahlreiche hart gef\u00fchrte Zweik\u00e4mpfe und Diskussionen pr\u00e4gten das Spiel, doch der Schiedsrichter liess sich davon nicht aus der Ruhe bringen und behielt die Partie unter Kontrolle.<\/p>\n<p>Die G\u00e4ste blieben vor allem nach Standards gef\u00e4hrlich und suchten vermehrt den Weg \u00fcber den rechten Fl\u00fcgel. Der FC Adligenswil zeigte jedoch einmal mehr, weshalb die Mannschaft in der vergangenen Fr\u00fchlingsrunde nur sechs Gegentore zugelassen hatte. Die Defensive stand kompakt und auch konditionell machten die Adliger einen starken Eindruck. Bei langen B\u00e4llen und Sprintduellen hielt die Mannschaft konsequent dagegen.<\/p>\n<p>In der 74. Minute folgte dann der grosse Aufreger im Strafraum der Adliger: Der FC Kickers setzte sich durch und h\u00e4mmerte den Ball an die Torlatte. Von dort sprang der Ball nur knapp vor der Torlinie auf. Sieber reagierte blitzschnell, schnappte sich den Ball und leitete mit einem weiten Abschlag direkt den Gegenangriff ein. Siem Ftsum behauptete sich gegen seinen Gegenspieler und legte weiter auf Mach ab, der den schnellen Konter eiskalt vollendete. 1:0 f\u00fcr den FC Adligenswil!<\/p>\n<p>Der FC Kickers reagierte und warf nun noch einmal alles nach vorne. In der 79. Minute konnte ein Angriff der G\u00e4ste nur durch ein Foul gestoppt werden. Kapit\u00e4n Ilir Bajrami sah daf\u00fcr seine zweite Gelbe Karte und musste den Platz verlassen. Der anschliessende Freistoss blieb jedoch in der Adliger Mauer h\u00e4ngen.<\/p>\n<p>Der FC Adligenswil musste die Schlussphase somit in Unterzahl bestreiten. Doch gerade jetzt machte sich die intensive Vorbereitung bezahlt. Trotz eines Mannes weniger k\u00e4mpften die Adliger um jeden Ball, liefen jeden Meter und feierten gemeinsam jede gelungene Abwehraktion.<\/p>\n<p>Am Ende brachte der FC Adligenswil den knappen Vorsprung \u00fcber die Zeit und sicherte sich zum Saisonauftakt drei Punkten. Mit einer eindr\u00fccklichen Defensivleistung, grossem Einsatz und der n\u00f6tigen Ausdauer erk\u00e4mpften sich die Adliger den Sieg. Einen entscheidenden Anteil daran hatte <strong>Matchwinner<\/strong> <strong>Dominic Sieber,<\/strong> der nicht nur seinen Kasten sauber hielt, sondern mit seiner blitzschnellen Reaktion auch den entscheidenden Treffer einleitete.<\/p>\n<p><em>Autor: Dario Sieber<\/em><\/p>\n","protected":false},"excerpt":{"rendered":"<p>Das erste Spiel der neuen Saison stand bevor: Zum Auftakt der Saison 2026\/27 empfing der FC Adligenswil den FC Kickers Luzern II im heimischen L\u00f6\u00f6sch. Nach einer intensiven Vorbereitung war die Vorfreude bei Spielern und Fans entsprechend gross. Bei Sonnenschein und sommerlichen Temperaturen war an diesem Sonntagnachmittag alles angerichtet f\u00fcr einen gelungenen Saisonstart.<\/p>\n","protected":false},"author":14,"featured_media":24771,"comment_status":"closed","ping_status":"open","sticky":false,"template":"","format":"standard","meta":{"ngg_post_thumbnail":0},"categories":[14,3],"tags":[],"_links":{"self":[{"href":"https:\/\/www.fcadligenswil.ch\/index.php?rest_route=\/wp\/v2\/posts\/24767"}],"collection":[{"href":"https:\/\/www.fcadligenswil.ch\/index.php?rest_route=\/wp\/v2\/posts"}],"about":[{"href":"https:\/\/www.fcadligenswil.ch\/index.php?rest_route=\/wp\/v2\/types\/post"}],"author":[{"embeddable":true,"href":"https:\/\/www.fcadligenswil.ch\/index.php?rest_route=\/wp\/v2\/users\/14"}],"replies":[{"embeddable":true,"href":"https:\/\/www.fcadligenswil.ch\/index.php?rest_route=%2Fwp%2Fv2%2Fcomments&post=24767"}],"version-history":[{"count":1,"href":"https:\/\/www.fcadligenswil.ch\/index.php?rest_route=\/wp\/v2\/posts\/24767\/revisions"}],"predecessor-version":[{"id":24769,"href":"https:\/\/www.fcadligenswil.ch\/index.php?rest_route=\/wp\/v2\/posts\/24767\/revisions\/24769"}],"wp:featuredmedia":[{"embeddable":true,"href":"https:\/\/www.fcadligenswil.ch\/index.php?rest_route=\/wp\/v2\/media\/24771"}],"wp:attachment":[{"href":"https:\/\/www.fcadligenswil.ch\/index.php?rest_route=%2Fwp%2Fv2%2Fmedia&parent=24767"}],"wp:term":[{"taxonomy":"category","embeddable":true,"href":"https:\/\/www.fcadligenswil.ch\/index.php?rest_route=%2Fwp%2Fv2%2Fcategories&post=24767"},{"taxonomy":"post_tag","embeddable":true,"href":"https:\/\/www.fcadligenswil.ch\/index.php?rest_route=%2Fwp%2Fv2%2Ftags&post=24767"}],"curies":[{"name":"wp","href":"https:\/\/api.w.org\/{rel}","templated":true}]}}